{"id":39809,"date":"2025-10-17T16:18:36","date_gmt":"2025-10-17T14:18:36","guid":{"rendered":"https:\/\/irb.usi.ch\/?p=39809"},"modified":"2025-11-05T12:58:43","modified_gmt":"2025-11-05T10:58:43","slug":"uno-studio-del-laboratorio-monticelli-caratterizza-una-molecola-immunoregolatoria","status":"publish","type":"post","link":"https:\/\/irb.usi.ch\/it\/notizie\/uno-studio-del-laboratorio-monticelli-caratterizza-una-molecola-immunoregolatoria\/","title":{"rendered":"Uno studio del laboratorio Monticelli caratterizza una molecola immunoregolatoria"},"content":{"rendered":"\t\t<div data-elementor-type=\"wp-post\" data-elementor-id=\"39809\" class=\"elementor elementor-39809 elementor-39798\" data-elementor-settings=\"[]\">\n\t\t\t\t\t\t<div class=\"elementor-inner\">\n\t\t\t\t\t\t\t<div class=\"elementor-section-wrap\">\n\t\t\t\t\t\t\t<section class=\"has_ae_slider elementor-section elementor-top-section elementor-element elementor-element-fccee63 elementor-section-boxed elementor-section-height-default elementor-section-height-default ae-bg-gallery-type-default\" data-id=\"fccee63\" data-element_type=\"section\">\n\t\t\t\t\t\t<div class=\"elementor-container elementor-column-gap-default\">\n\t\t\t\t\t\t\t<div class=\"elementor-row\">\n\t\t\t\t\t<div class=\"has_ae_slider elementor-column elementor-col-100 elementor-top-column elementor-element elementor-element-92891eb ae-bg-gallery-type-default\" data-id=\"92891eb\" data-element_type=\"column\">\n\t\t\t<div class=\"elementor-column-wrap elementor-element-populated\">\n\t\t\t\t\t\t\t<div class=\"elementor-widget-wrap\">\n\t\t\t\t\t\t<div class=\"elementor-element elementor-element-a3561b9 elementor-widget elementor-widget-text-editor\" data-id=\"a3561b9\" data-element_type=\"widget\" data-widget_type=\"text-editor.default\">\n\t\t\t\t<div class=\"elementor-widget-container\">\n\t\t\t\t\t<div class=\"elementor-text-editor elementor-clearfix\"><h6>Descrizione immagine: l\u2019 espressione di FCRL3 modula la risposta di linfociti T umani attraverso l\u2019interazione con regolatori negativi della segnalazione intracellulare (immagine di Elena Foli).<\/h6><\/div>\n\t\t\t\t<\/div>\n\t\t\t\t<\/div>\n\t\t\t\t\t\t<\/div>\n\t\t\t\t\t<\/div>\n\t\t<\/div>\n\t\t\t\t\t\t\t\t<\/div>\n\t\t\t\t\t<\/div>\n\t\t<\/section>\n\t\t\t\t<section class=\"has_ae_slider elementor-section elementor-top-section elementor-element elementor-element-06c554f elementor-section-boxed elementor-section-height-default elementor-section-height-default ae-bg-gallery-type-default\" data-id=\"06c554f\" data-element_type=\"section\">\n\t\t\t\t\t\t<div class=\"elementor-container elementor-column-gap-default\">\n\t\t\t\t\t\t\t<div class=\"elementor-row\">\n\t\t\t\t\t<div class=\"has_ae_slider elementor-column elementor-col-100 elementor-top-column elementor-element elementor-element-01216f5 ae-bg-gallery-type-default\" data-id=\"01216f5\" data-element_type=\"column\">\n\t\t\t<div class=\"elementor-column-wrap elementor-element-populated\">\n\t\t\t\t\t\t\t<div class=\"elementor-widget-wrap\">\n\t\t\t\t\t\t<div class=\"elementor-element elementor-element-23dba4d elementor-widget elementor-widget-text-editor\" data-id=\"23dba4d\" data-element_type=\"widget\" data-widget_type=\"text-editor.default\">\n\t\t\t\t<div class=\"elementor-widget-container\">\n\t\t\t\t\t<div class=\"elementor-text-editor elementor-clearfix\"><p>Uno nuovo studio pubblicato dal laboratorio di Immunologia Molecolare sul <em>Journal of Experimental Medicine <\/em>caratterizza il recettore FCRL3 come una molecola immunoregolatoria che regola le risposte di alcuni linfociti T umani.<\/p><p><strong>\u00a0<\/strong><\/p><p>Il laboratorio di Silvia Monticelli ha identificato un recettore che contribuisce a controllare l\u2019attivit\u00e0 delle cellule immunitarie. Lo studio, recentemente pubblicato sul <em>Journal of Experimental Medicine<\/em>, rivela che la proteina <strong>FCRL3<\/strong> regola l\u2019attivit\u00e0 delle cellule T umane, fondamentali per combattere le infezioni ma che possono anche essere alla base di malattie autoimmuni.<\/p><p>Le varianti genetiche del gene <strong><em>FCRL3<\/em><\/strong> sono state associate a patologie autoimmuni come la sclerosi multipla. Il team ha scoperto che le cellule T che esprimono FCRL3 sono meno propense all\u2019attivazione e mostrano caratteristiche tipiche delle cellule \u201ccitotossiche\u201d, capaci di eliminare cellule infette o danneggiate. Inoltre, l\u2019espressione di FCRL3 \u00e8 sufficiente a limitare l\u2019attivazione di queste cellule, contribuendo cos\u00ec a prevenire risposte eccessive o indesiderate del sistema immunitario. Lo studio \u00e8 stato possibile grazie al lavoro dei co-primi autori <strong>Niccol\u00f2 Bianchi, Elena Foli e Mehrpouya Mostanfar<\/strong>, e grazie a importanti collaborazioni interne all\u2019IRB e con l\u2019<strong>Istituto Europeo di Oncologia<\/strong> di Milano.<\/p><p>Niccol\u00f2 dice: \u201c<em>Il legame tra FCRL3 e autoimmunit\u00e0 era noto da tempo, ma studiarlo era difficile per la mancanza di modelli adeguati. Il nostro lavoro mostra quanto sia importante comprendere la biologia cellulare di base per svelare le connessioni tra le molecole e la malattia<\/em>.&#8221;<\/p><p>Il lavoro \u00e8 stato sostenuto da un SNSF <strong>Excellence Grant<\/strong>. <strong>Mehrpouya Mostanfar<\/strong> \u00e8 in parte supportato dalla <strong>Fondazione Ceresio<\/strong>.<\/p><p><strong>Articolo:<\/strong><\/p><p><strong><a href=\"https:\/\/rupress.org\/jem\/article\/223\/1\/e20242474\/278373\/FCRL3-is-an-immunoregulatory-receptor-that\">FCRL3 is an immunoregulatory receptor that restrains the activation of human memory T lymphocytes.<\/a><\/strong><\/p><p><strong>Bianchi, N., E. Foli, M. Mostanfar, R. Marzi, M. C. Spinella, S. Polletti, M. Pecoraro, A. Cassotta, R. Thakur, D. Jarrossay, F. Sallusto, G. Natoli and S. Monticelli<\/strong><\/p><p><strong>(J Exp Med. (2026) 223:(1):e20242474. \u00a0doi: 10.1084\/jem.20242474. \u00a0Epub 2025 Oct 15)<\/strong><\/p><\/div>\n\t\t\t\t<\/div>\n\t\t\t\t<\/div>\n\t\t\t\t\t\t<\/div>\n\t\t\t\t\t<\/div>\n\t\t<\/div>\n\t\t\t\t\t\t\t\t<\/div>\n\t\t\t\t\t<\/div>\n\t\t<\/section>\n\t\t\t\t\t\t<\/div>\n\t\t\t\t\t\t<\/div>\n\t\t\t\t\t<\/div>\n\t\t","protected":false},"excerpt":{"rendered":"<p>Descrizione immagine: l\u2019 espressione di FCRL3 modula la risposta di linfociti T umani attraverso l\u2019interazione con regolatori negativi della segnalazione intracellulare (immagine di Elena Foli). Uno nuovo studio pubblicato dal laboratorio di Immunologia Molecolare sul Journal of Experimental Medicine caratterizza il recettore FCRL3 come una molecola immunoregolatoria che regola le risposte di alcuni linfociti T [&hellip;]<\/p>\n","protected":false},"author":141,"featured_media":39817,"comment_status":"closed","ping_status":"closed","sticky":false,"template":"","format":"standard","meta":[],"categories":[56,53,75,52],"tags":[],"yoast_head":"<!-- This site is optimized with the Yoast SEO plugin v15.7 - https:\/\/yoast.com\/wordpress\/plugins\/seo\/ -->\n<title>Uno studio del laboratorio Monticelli caratterizza una molecola immunoregolatoria - IRB USI<\/title>\n<meta name=\"robots\" content=\"index, follow, max-snippet:-1, max-image-preview:large, max-video-preview:-1\" \/>\n<link rel=\"canonical\" href=\"https:\/\/irb.usi.ch\/it\/notizie\/uno-studio-del-laboratorio-monticelli-caratterizza-una-molecola-immunoregolatoria\/\" \/>\n<meta property=\"og:locale\" content=\"it_IT\" \/>\n<meta property=\"og:type\" content=\"article\" \/>\n<meta property=\"og:title\" content=\"Uno studio del laboratorio Monticelli caratterizza una molecola immunoregolatoria - IRB USI\" \/>\n<meta property=\"og:description\" content=\"Descrizione immagine: l\u2019 espressione di FCRL3 modula la risposta di linfociti T umani attraverso l\u2019interazione con regolatori negativi della segnalazione intracellulare (immagine di Elena Foli). Uno nuovo studio pubblicato dal laboratorio di Immunologia Molecolare sul Journal of Experimental Medicine caratterizza il recettore FCRL3 come una molecola immunoregolatoria che regola le risposte di alcuni linfociti T [&hellip;]\" \/>\n<meta property=\"og:url\" content=\"https:\/\/irb.usi.ch\/it\/notizie\/uno-studio-del-laboratorio-monticelli-caratterizza-una-molecola-immunoregolatoria\/\" \/>\n<meta property=\"og:site_name\" content=\"IRB USI\" \/>\n<meta property=\"article:published_time\" content=\"2025-10-17T14:18:36+00:00\" \/>\n<meta property=\"article:modified_time\" content=\"2025-11-05T10:58:43+00:00\" \/>\n<meta property=\"og:image\" content=\"https:\/\/irb.usi.ch\/images\/4-SMO-oct-25.jpg\" \/>\n\t<meta property=\"og:image:width\" content=\"1024\" \/>\n\t<meta property=\"og:image:height\" content=\"576\" \/>\n<meta name=\"twitter:card\" content=\"summary_large_image\" \/>\n<meta name=\"twitter:label1\" content=\"Tempo di lettura stimato\">\n\t<meta name=\"twitter:data1\" content=\"2 minuti\">\n<script type=\"application\/ld+json\" class=\"yoast-schema-graph\">{\"@context\":\"https:\/\/schema.org\",\"@graph\":[{\"@type\":\"WebSite\",\"@id\":\"https:\/\/irb.usi.ch\/it\/#website\",\"url\":\"https:\/\/irb.usi.ch\/it\/\",\"name\":\"IRB USI\",\"description\":\"Institute for Research in Biomedicine\",\"potentialAction\":[{\"@type\":\"SearchAction\",\"target\":\"https:\/\/irb.usi.ch\/it\/?s={search_term_string}\",\"query-input\":\"required name=search_term_string\"}],\"inLanguage\":\"it-IT\"},{\"@type\":\"ImageObject\",\"@id\":\"https:\/\/irb.usi.ch\/it\/notizie\/uno-studio-del-laboratorio-monticelli-caratterizza-una-molecola-immunoregolatoria\/#primaryimage\",\"inLanguage\":\"it-IT\",\"url\":\"https:\/\/irb.usi.ch\/images\/4-SMO-oct-25.jpg\",\"width\":1024,\"height\":576},{\"@type\":\"WebPage\",\"@id\":\"https:\/\/irb.usi.ch\/it\/notizie\/uno-studio-del-laboratorio-monticelli-caratterizza-una-molecola-immunoregolatoria\/#webpage\",\"url\":\"https:\/\/irb.usi.ch\/it\/notizie\/uno-studio-del-laboratorio-monticelli-caratterizza-una-molecola-immunoregolatoria\/\",\"name\":\"Uno studio del laboratorio Monticelli caratterizza una molecola immunoregolatoria - IRB USI\",\"isPartOf\":{\"@id\":\"https:\/\/irb.usi.ch\/it\/#website\"},\"primaryImageOfPage\":{\"@id\":\"https:\/\/irb.usi.ch\/it\/notizie\/uno-studio-del-laboratorio-monticelli-caratterizza-una-molecola-immunoregolatoria\/#primaryimage\"},\"datePublished\":\"2025-10-17T14:18:36+00:00\",\"dateModified\":\"2025-11-05T10:58:43+00:00\",\"author\":{\"@id\":\"https:\/\/irb.usi.ch\/it\/#\/schema\/person\/d1c4b84539a05f2cdc66bff16d59822c\"},\"breadcrumb\":{\"@id\":\"https:\/\/irb.usi.ch\/it\/notizie\/uno-studio-del-laboratorio-monticelli-caratterizza-una-molecola-immunoregolatoria\/#breadcrumb\"},\"inLanguage\":\"it-IT\",\"potentialAction\":[{\"@type\":\"ReadAction\",\"target\":[\"https:\/\/irb.usi.ch\/it\/notizie\/uno-studio-del-laboratorio-monticelli-caratterizza-una-molecola-immunoregolatoria\/\"]}]},{\"@type\":\"BreadcrumbList\",\"@id\":\"https:\/\/irb.usi.ch\/it\/notizie\/uno-studio-del-laboratorio-monticelli-caratterizza-una-molecola-immunoregolatoria\/#breadcrumb\",\"itemListElement\":[{\"@type\":\"ListItem\",\"position\":1,\"item\":{\"@type\":\"WebPage\",\"@id\":\"https:\/\/irb.usi.ch\/it\/\",\"url\":\"https:\/\/irb.usi.ch\/it\/\",\"name\":\"Home\"}},{\"@type\":\"ListItem\",\"position\":2,\"item\":{\"@type\":\"WebPage\",\"@id\":\"https:\/\/irb.usi.ch\/.\/news\/\",\"url\":\"https:\/\/irb.usi.ch\/.\/news\/\",\"name\":\"News\"}},{\"@type\":\"ListItem\",\"position\":3,\"item\":{\"@type\":\"WebPage\",\"@id\":\"https:\/\/irb.usi.ch\/it\/notizie\/uno-studio-del-laboratorio-monticelli-caratterizza-una-molecola-immunoregolatoria\/\",\"url\":\"https:\/\/irb.usi.ch\/it\/notizie\/uno-studio-del-laboratorio-monticelli-caratterizza-una-molecola-immunoregolatoria\/\",\"name\":\"Uno studio del laboratorio Monticelli caratterizza una molecola immunoregolatoria\"}}]},{\"@type\":\"Person\",\"@id\":\"https:\/\/irb.usi.ch\/it\/#\/schema\/person\/d1c4b84539a05f2cdc66bff16d59822c\",\"name\":\"Elisabetta Genovese\"}]}<\/script>\n<!-- \/ Yoast SEO plugin. -->","_links":{"self":[{"href":"https:\/\/irb.usi.ch\/it\/wp-json\/wp\/v2\/posts\/39809"}],"collection":[{"href":"https:\/\/irb.usi.ch\/it\/wp-json\/wp\/v2\/posts"}],"about":[{"href":"https:\/\/irb.usi.ch\/it\/wp-json\/wp\/v2\/types\/post"}],"author":[{"embeddable":true,"href":"https:\/\/irb.usi.ch\/it\/wp-json\/wp\/v2\/users\/141"}],"replies":[{"embeddable":true,"href":"https:\/\/irb.usi.ch\/it\/wp-json\/wp\/v2\/comments?post=39809"}],"version-history":[{"count":15,"href":"https:\/\/irb.usi.ch\/it\/wp-json\/wp\/v2\/posts\/39809\/revisions"}],"predecessor-version":[{"id":40118,"href":"https:\/\/irb.usi.ch\/it\/wp-json\/wp\/v2\/posts\/39809\/revisions\/40118"}],"wp:featuredmedia":[{"embeddable":true,"href":"https:\/\/irb.usi.ch\/it\/wp-json\/wp\/v2\/media\/39817"}],"wp:attachment":[{"href":"https:\/\/irb.usi.ch\/it\/wp-json\/wp\/v2\/media?parent=39809"}],"wp:term":[{"taxonomy":"category","embeddable":true,"href":"https:\/\/irb.usi.ch\/it\/wp-json\/wp\/v2\/categories?post=39809"},{"taxonomy":"post_tag","embeddable":true,"href":"https:\/\/irb.usi.ch\/it\/wp-json\/wp\/v2\/tags?post=39809"}],"curies":[{"name":"wp","href":"https:\/\/api.w.org\/{rel}","templated":true}]}}