{"id":39151,"date":"2025-09-04T11:48:20","date_gmt":"2025-09-04T09:48:20","guid":{"rendered":"https:\/\/irb.usi.ch\/?p=39151"},"modified":"2025-09-23T14:14:59","modified_gmt":"2025-09-23T12:14:59","slug":"greta-guarda-nominata-presidente-della-societa-svizzera-di-allergologia-e-immunologia","status":"publish","type":"post","link":"https:\/\/irb.usi.ch\/it\/notizie\/greta-guarda-nominata-presidente-della-societa-svizzera-di-allergologia-e-immunologia\/","title":{"rendered":"Greta Guarda nominata Presidente della Societ\u00e0 Svizzera di Allergologia e Immunologia"},"content":{"rendered":"\t\t<div data-elementor-type=\"wp-post\" data-elementor-id=\"39151\" class=\"elementor elementor-39151 elementor-39146\" data-elementor-settings=\"[]\">\n\t\t\t\t\t\t<div class=\"elementor-inner\">\n\t\t\t\t\t\t\t<div class=\"elementor-section-wrap\">\n\t\t\t\t\t\t\t<section class=\"has_ae_slider elementor-section elementor-top-section elementor-element elementor-element-2470604 elementor-section-boxed elementor-section-height-default elementor-section-height-default ae-bg-gallery-type-default\" data-id=\"2470604\" data-element_type=\"section\">\n\t\t\t\t\t\t<div class=\"elementor-container elementor-column-gap-default\">\n\t\t\t\t\t\t\t<div class=\"elementor-row\">\n\t\t\t\t\t<div class=\"has_ae_slider elementor-column elementor-col-100 elementor-top-column elementor-element elementor-element-b1180f6 ae-bg-gallery-type-default\" data-id=\"b1180f6\" data-element_type=\"column\">\n\t\t\t<div class=\"elementor-column-wrap elementor-element-populated\">\n\t\t\t\t\t\t\t<div class=\"elementor-widget-wrap\">\n\t\t\t\t\t\t<div class=\"elementor-element elementor-element-c53abfb elementor-widget elementor-widget-text-editor\" data-id=\"c53abfb\" data-element_type=\"widget\" data-widget_type=\"text-editor.default\">\n\t\t\t\t<div class=\"elementor-widget-container\">\n\t\t\t\t\t<div class=\"elementor-text-editor elementor-clearfix\"><p>La Professoressa Greta Guarda, Direttrice del Laboratorio di Meccanismi del Sistema Immunitario dell\u2019Istituto di ricerca in biomedicina affiliato all\u2019USI, e Professoressa ordinaria presso la Facolt\u00e0 di scienze biomediche, \u00e8 stata eletta presidente della Societ\u00e0 Svizzera di Allergologia e Immunologia (SSAI) fino al 2027. L&#8217;avvicendamento alla presidenza si \u00e8 tenuto a Losanna il 27-28 agosto scorsi, in occasione del Congresso annuale della societ\u00e0. La Prof.ssa Guarda ha raccolto il testimone del Dr. Med. Prof. Camillo Ribi, Dipartimento di Allergologia e Immunologia del CHUV di Losanna, che ha presieduto la SSAI tra il 2023 e il 2025.<\/p><p>\u00a0<\/p><\/div>\n\t\t\t\t<\/div>\n\t\t\t\t<\/div>\n\t\t\t\t\t\t<\/div>\n\t\t\t\t\t<\/div>\n\t\t<\/div>\n\t\t\t\t\t\t\t\t<\/div>\n\t\t\t\t\t<\/div>\n\t\t<\/section>\n\t\t\t\t\t\t<\/div>\n\t\t\t\t\t\t<\/div>\n\t\t\t\t\t<\/div>\n\t\t","protected":false},"excerpt":{"rendered":"<p>La Professoressa Greta Guarda, Direttrice del Laboratorio di Meccanismi del Sistema Immunitario dell\u2019Istituto di ricerca in biomedicina affiliato all\u2019USI, e Professoressa ordinaria presso la Facolt\u00e0 di scienze biomediche, \u00e8 stata eletta presidente della Societ\u00e0 Svizzera di Allergologia e Immunologia (SSAI) fino al 2027. L&#8217;avvicendamento alla presidenza si \u00e8 tenuto a Losanna il 27-28 agosto scorsi, [&hellip;]<\/p>\n","protected":false},"author":4,"featured_media":39145,"comment_status":"closed","ping_status":"closed","sticky":false,"template":"","format":"standard","meta":[],"categories":[52],"tags":[],"yoast_head":"<!-- This site is optimized with the Yoast SEO plugin v15.7 - https:\/\/yoast.com\/wordpress\/plugins\/seo\/ -->\n<title>Greta Guarda nominata Presidente della Societ\u00e0 Svizzera di Allergologia e Immunologia - IRB USI<\/title>\n<meta name=\"robots\" content=\"index, follow, max-snippet:-1, max-image-preview:large, max-video-preview:-1\" \/>\n<link rel=\"canonical\" href=\"https:\/\/irb.usi.ch\/it\/notizie\/greta-guarda-nominata-presidente-della-societa-svizzera-di-allergologia-e-immunologia\/\" \/>\n<meta property=\"og:locale\" content=\"it_IT\" \/>\n<meta property=\"og:type\" content=\"article\" \/>\n<meta property=\"og:title\" content=\"Greta Guarda nominata Presidente della Societ\u00e0 Svizzera di Allergologia e Immunologia - IRB USI\" \/>\n<meta property=\"og:description\" content=\"La Professoressa Greta Guarda, Direttrice del Laboratorio di Meccanismi del Sistema Immunitario dell\u2019Istituto di ricerca in biomedicina affiliato all\u2019USI, e Professoressa ordinaria presso la Facolt\u00e0 di scienze biomediche, \u00e8 stata eletta presidente della Societ\u00e0 Svizzera di Allergologia e Immunologia (SSAI) fino al 2027. L&#8217;avvicendamento alla presidenza si \u00e8 tenuto a Losanna il 27-28 agosto scorsi, [&hellip;]\" \/>\n<meta property=\"og:url\" content=\"https:\/\/irb.usi.ch\/it\/notizie\/greta-guarda-nominata-presidente-della-societa-svizzera-di-allergologia-e-immunologia\/\" \/>\n<meta property=\"og:site_name\" content=\"IRB USI\" \/>\n<meta property=\"article:published_time\" content=\"2025-09-04T09:48:20+00:00\" \/>\n<meta property=\"article:modified_time\" content=\"2025-09-23T12:14:59+00:00\" \/>\n<meta property=\"og:image\" content=\"https:\/\/irb.usi.ch\/images\/Picture_GGU_SSAI_2025.jpg\" \/>\n\t<meta property=\"og:image:width\" content=\"1024\" \/>\n\t<meta property=\"og:image:height\" content=\"576\" \/>\n<meta name=\"twitter:card\" content=\"summary_large_image\" \/>\n<meta name=\"twitter:label1\" content=\"Tempo di lettura stimato\">\n\t<meta name=\"twitter:data1\" content=\"1 minuto\">\n<script type=\"application\/ld+json\" class=\"yoast-schema-graph\">{\"@context\":\"https:\/\/schema.org\",\"@graph\":[{\"@type\":\"WebSite\",\"@id\":\"https:\/\/irb.usi.ch\/it\/#website\",\"url\":\"https:\/\/irb.usi.ch\/it\/\",\"name\":\"IRB USI\",\"description\":\"Institute for Research in Biomedicine\",\"potentialAction\":[{\"@type\":\"SearchAction\",\"target\":\"https:\/\/irb.usi.ch\/it\/?s={search_term_string}\",\"query-input\":\"required name=search_term_string\"}],\"inLanguage\":\"it-IT\"},{\"@type\":\"ImageObject\",\"@id\":\"https:\/\/irb.usi.ch\/it\/notizie\/greta-guarda-nominata-presidente-della-societa-svizzera-di-allergologia-e-immunologia\/#primaryimage\",\"inLanguage\":\"it-IT\",\"url\":\"https:\/\/irb.usi.ch\/images\/Picture_GGU_SSAI_2025.jpg\",\"width\":1024,\"height\":576},{\"@type\":\"WebPage\",\"@id\":\"https:\/\/irb.usi.ch\/it\/notizie\/greta-guarda-nominata-presidente-della-societa-svizzera-di-allergologia-e-immunologia\/#webpage\",\"url\":\"https:\/\/irb.usi.ch\/it\/notizie\/greta-guarda-nominata-presidente-della-societa-svizzera-di-allergologia-e-immunologia\/\",\"name\":\"Greta Guarda nominata Presidente della Societ\\u00e0 Svizzera di Allergologia e Immunologia - IRB USI\",\"isPartOf\":{\"@id\":\"https:\/\/irb.usi.ch\/it\/#website\"},\"primaryImageOfPage\":{\"@id\":\"https:\/\/irb.usi.ch\/it\/notizie\/greta-guarda-nominata-presidente-della-societa-svizzera-di-allergologia-e-immunologia\/#primaryimage\"},\"datePublished\":\"2025-09-04T09:48:20+00:00\",\"dateModified\":\"2025-09-23T12:14:59+00:00\",\"author\":{\"@id\":\"https:\/\/irb.usi.ch\/it\/#\/schema\/person\/1bdd6a1c070b712a183ecb2684c11bc8\"},\"breadcrumb\":{\"@id\":\"https:\/\/irb.usi.ch\/it\/notizie\/greta-guarda-nominata-presidente-della-societa-svizzera-di-allergologia-e-immunologia\/#breadcrumb\"},\"inLanguage\":\"it-IT\",\"potentialAction\":[{\"@type\":\"ReadAction\",\"target\":[\"https:\/\/irb.usi.ch\/it\/notizie\/greta-guarda-nominata-presidente-della-societa-svizzera-di-allergologia-e-immunologia\/\"]}]},{\"@type\":\"BreadcrumbList\",\"@id\":\"https:\/\/irb.usi.ch\/it\/notizie\/greta-guarda-nominata-presidente-della-societa-svizzera-di-allergologia-e-immunologia\/#breadcrumb\",\"itemListElement\":[{\"@type\":\"ListItem\",\"position\":1,\"item\":{\"@type\":\"WebPage\",\"@id\":\"https:\/\/irb.usi.ch\/it\/\",\"url\":\"https:\/\/irb.usi.ch\/it\/\",\"name\":\"Home\"}},{\"@type\":\"ListItem\",\"position\":2,\"item\":{\"@type\":\"WebPage\",\"@id\":\"https:\/\/irb.usi.ch\/.\/news\/\",\"url\":\"https:\/\/irb.usi.ch\/.\/news\/\",\"name\":\"News\"}},{\"@type\":\"ListItem\",\"position\":3,\"item\":{\"@type\":\"WebPage\",\"@id\":\"https:\/\/irb.usi.ch\/it\/notizie\/greta-guarda-nominata-presidente-della-societa-svizzera-di-allergologia-e-immunologia\/\",\"url\":\"https:\/\/irb.usi.ch\/it\/notizie\/greta-guarda-nominata-presidente-della-societa-svizzera-di-allergologia-e-immunologia\/\",\"name\":\"Greta Guarda nominata Presidente della Societ\\u00e0 Svizzera di Allergologia e Immunologia\"}}]},{\"@type\":\"Person\",\"@id\":\"https:\/\/irb.usi.ch\/it\/#\/schema\/person\/1bdd6a1c070b712a183ecb2684c11bc8\",\"name\":\"Maryse\"}]}<\/script>\n<!-- \/ Yoast SEO plugin. -->","_links":{"self":[{"href":"https:\/\/irb.usi.ch\/it\/wp-json\/wp\/v2\/posts\/39151"}],"collection":[{"href":"https:\/\/irb.usi.ch\/it\/wp-json\/wp\/v2\/posts"}],"about":[{"href":"https:\/\/irb.usi.ch\/it\/wp-json\/wp\/v2\/types\/post"}],"author":[{"embeddable":true,"href":"https:\/\/irb.usi.ch\/it\/wp-json\/wp\/v2\/users\/4"}],"replies":[{"embeddable":true,"href":"https:\/\/irb.usi.ch\/it\/wp-json\/wp\/v2\/comments?post=39151"}],"version-history":[{"count":5,"href":"https:\/\/irb.usi.ch\/it\/wp-json\/wp\/v2\/posts\/39151\/revisions"}],"predecessor-version":[{"id":39345,"href":"https:\/\/irb.usi.ch\/it\/wp-json\/wp\/v2\/posts\/39151\/revisions\/39345"}],"wp:featuredmedia":[{"embeddable":true,"href":"https:\/\/irb.usi.ch\/it\/wp-json\/wp\/v2\/media\/39145"}],"wp:attachment":[{"href":"https:\/\/irb.usi.ch\/it\/wp-json\/wp\/v2\/media?parent=39151"}],"wp:term":[{"taxonomy":"category","embeddable":true,"href":"https:\/\/irb.usi.ch\/it\/wp-json\/wp\/v2\/categories?post=39151"},{"taxonomy":"post_tag","embeddable":true,"href":"https:\/\/irb.usi.ch\/it\/wp-json\/wp\/v2\/tags?post=39151"}],"curies":[{"name":"wp","href":"https:\/\/api.w.org\/{rel}","templated":true}]}}