{"id":34917,"date":"2024-01-22T16:32:20","date_gmt":"2024-01-22T14:32:20","guid":{"rendered":"https:\/\/irb.usi.ch\/?p=34917"},"modified":"2024-01-22T16:33:36","modified_gmt":"2024-01-22T14:33:36","slug":"melania-osto-eletta-nuovo-membro-della-cenu","status":"publish","type":"post","link":"https:\/\/irb.usi.ch\/it\/irb-community\/melania-osto-eletta-nuovo-membro-della-cenu\/","title":{"rendered":"Melania Osto eletta nuovo membro della CENU"},"content":{"rendered":"<p>La Dr.ssa Melania Osto, incaricata del benessere animale e veterinario designato presso l&#8217;Istituto di Ricerca in Biomedicina di Bellinzona, affiliato all\u2019Universit\u00e0 della Svizzera italiana (USI) e presso l&#8217;Universit\u00e0 di Zurigo \u00e8 stata eletta membro della Commissione federale d&#8217;etica per la biotecnologia\u00a0nel settore non umano\u00a0(CENU) per il periodo 2024-2027<strong>. <\/strong>La CENU \u00e8 costituita da esperti in ambito etico esterni all&#8217;Amministrazione federale e provenienti da diversi settori (filosofia, teologia, biologia, medicina e diritto). La Commissione presta consulenza al Consiglio federale ed alle autorit\u00e0 nelle loro attivit\u00e0 legislative ed esecutive nel settore della biotecnologia e dell&#8217;ingegneria genetica in ambito non umano.<\/p>\n<p><img loading=\"lazy\" class=\"alignnone size-medium wp-image-34913\" src=\"https:\/\/irb.usi.ch\/images\/\/UZH_Tierwohl_MAP_Bruederli_202318587_1-240x300.jpg\" alt=\"\" width=\"240\" height=\"300\" srcset=\"https:\/\/irb.usi.ch\/images\/UZH_Tierwohl_MAP_Bruederli_202318587_1-240x300.jpg 240w, https:\/\/irb.usi.ch\/images\/UZH_Tierwohl_MAP_Bruederli_202318587_1.jpg 480w\" sizes=\"(max-width: 240px) 100vw, 240px\" \/><\/p>\n","protected":false},"excerpt":{"rendered":"<p>La Dr.ssa Melania Osto, incaricata del benessere animale e veterinario designato presso l&#8217;Istituto di Ricerca in Biomedicina di Bellinzona, affiliato all\u2019Universit\u00e0 della Svizzera italiana (USI) e presso l&#8217;Universit\u00e0 di Zurigo \u00e8 stata eletta membro della Commissione federale d&#8217;etica per la biotecnologia\u00a0nel settore non umano\u00a0(CENU) per il periodo 2024-2027. La CENU \u00e8 costituita da esperti in [&hellip;]<\/p>\n","protected":false},"author":136,"featured_media":0,"comment_status":"closed","ping_status":"closed","sticky":false,"template":"","format":"standard","meta":[],"categories":[50],"tags":[],"yoast_head":"<!-- This site is optimized with the Yoast SEO plugin v15.7 - https:\/\/yoast.com\/wordpress\/plugins\/seo\/ -->\n<title>Melania Osto eletta nuovo membro della CENU - IRB USI<\/title>\n<meta name=\"robots\" content=\"index, follow, max-snippet:-1, max-image-preview:large, max-video-preview:-1\" \/>\n<link rel=\"canonical\" href=\"https:\/\/irb.usi.ch\/it\/irb-community\/melania-osto-eletta-nuovo-membro-della-cenu\/\" \/>\n<meta property=\"og:locale\" content=\"it_IT\" \/>\n<meta property=\"og:type\" content=\"article\" \/>\n<meta property=\"og:title\" content=\"Melania Osto eletta nuovo membro della CENU - IRB USI\" \/>\n<meta property=\"og:description\" content=\"La Dr.ssa Melania Osto, incaricata del benessere animale e veterinario designato presso l&#8217;Istituto di Ricerca in Biomedicina di Bellinzona, affiliato all\u2019Universit\u00e0 della Svizzera italiana (USI) e presso l&#8217;Universit\u00e0 di Zurigo \u00e8 stata eletta membro della Commissione federale d&#8217;etica per la biotecnologia\u00a0nel settore non umano\u00a0(CENU) per il periodo 2024-2027. La CENU \u00e8 costituita da esperti in [&hellip;]\" \/>\n<meta property=\"og:url\" content=\"https:\/\/irb.usi.ch\/it\/irb-community\/melania-osto-eletta-nuovo-membro-della-cenu\/\" \/>\n<meta property=\"og:site_name\" content=\"IRB USI\" \/>\n<meta property=\"article:published_time\" content=\"2024-01-22T14:32:20+00:00\" \/>\n<meta property=\"article:modified_time\" content=\"2024-01-22T14:33:36+00:00\" \/>\n<meta property=\"og:image\" content=\"https:\/\/irb.usi.ch\/images\/\/UZH_Tierwohl_MAP_Bruederli_202318587_1-240x300.jpg\" \/>\n<meta name=\"twitter:card\" content=\"summary_large_image\" \/>\n<meta name=\"twitter:label1\" content=\"Tempo di lettura stimato\">\n\t<meta name=\"twitter:data1\" content=\"1 minuto\">\n<script type=\"application\/ld+json\" class=\"yoast-schema-graph\">{\"@context\":\"https:\/\/schema.org\",\"@graph\":[{\"@type\":\"WebSite\",\"@id\":\"https:\/\/irb.usi.ch\/it\/#website\",\"url\":\"https:\/\/irb.usi.ch\/it\/\",\"name\":\"IRB USI\",\"description\":\"Institute for Research in Biomedicine\",\"potentialAction\":[{\"@type\":\"SearchAction\",\"target\":\"https:\/\/irb.usi.ch\/it\/?s={search_term_string}\",\"query-input\":\"required name=search_term_string\"}],\"inLanguage\":\"it-IT\"},{\"@type\":\"ImageObject\",\"@id\":\"https:\/\/irb.usi.ch\/it\/irb-community\/melania-osto-eletta-nuovo-membro-della-cenu\/#primaryimage\",\"inLanguage\":\"it-IT\",\"url\":\"https:\/\/irb.usi.ch\/images\/\/UZH_Tierwohl_MAP_Bruederli_202318587_1-240x300.jpg\"},{\"@type\":\"WebPage\",\"@id\":\"https:\/\/irb.usi.ch\/it\/irb-community\/melania-osto-eletta-nuovo-membro-della-cenu\/#webpage\",\"url\":\"https:\/\/irb.usi.ch\/it\/irb-community\/melania-osto-eletta-nuovo-membro-della-cenu\/\",\"name\":\"Melania Osto eletta nuovo membro della CENU - IRB USI\",\"isPartOf\":{\"@id\":\"https:\/\/irb.usi.ch\/it\/#website\"},\"primaryImageOfPage\":{\"@id\":\"https:\/\/irb.usi.ch\/it\/irb-community\/melania-osto-eletta-nuovo-membro-della-cenu\/#primaryimage\"},\"datePublished\":\"2024-01-22T14:32:20+00:00\",\"dateModified\":\"2024-01-22T14:33:36+00:00\",\"author\":{\"@id\":\"https:\/\/irb.usi.ch\/it\/#\/schema\/person\/01bacbaaa75ea23cfc275a8fb0e0ab94\"},\"breadcrumb\":{\"@id\":\"https:\/\/irb.usi.ch\/it\/irb-community\/melania-osto-eletta-nuovo-membro-della-cenu\/#breadcrumb\"},\"inLanguage\":\"it-IT\",\"potentialAction\":[{\"@type\":\"ReadAction\",\"target\":[\"https:\/\/irb.usi.ch\/it\/irb-community\/melania-osto-eletta-nuovo-membro-della-cenu\/\"]}]},{\"@type\":\"BreadcrumbList\",\"@id\":\"https:\/\/irb.usi.ch\/it\/irb-community\/melania-osto-eletta-nuovo-membro-della-cenu\/#breadcrumb\",\"itemListElement\":[{\"@type\":\"ListItem\",\"position\":1,\"item\":{\"@type\":\"WebPage\",\"@id\":\"https:\/\/irb.usi.ch\/it\/\",\"url\":\"https:\/\/irb.usi.ch\/it\/\",\"name\":\"Home\"}},{\"@type\":\"ListItem\",\"position\":2,\"item\":{\"@type\":\"WebPage\",\"@id\":\"https:\/\/irb.usi.ch\/.\/irb-community\/\",\"url\":\"https:\/\/irb.usi.ch\/.\/irb-community\/\",\"name\":\"IRB Community\"}},{\"@type\":\"ListItem\",\"position\":3,\"item\":{\"@type\":\"WebPage\",\"@id\":\"https:\/\/irb.usi.ch\/it\/irb-community\/melania-osto-eletta-nuovo-membro-della-cenu\/\",\"url\":\"https:\/\/irb.usi.ch\/it\/irb-community\/melania-osto-eletta-nuovo-membro-della-cenu\/\",\"name\":\"Melania Osto eletta nuovo membro della CENU\"}}]},{\"@type\":\"Person\",\"@id\":\"https:\/\/irb.usi.ch\/it\/#\/schema\/person\/01bacbaaa75ea23cfc275a8fb0e0ab94\",\"name\":\"Andrea Nava\",\"sameAs\":[\"https:\/\/irb.usi.ch\"]}]}<\/script>\n<!-- \/ Yoast SEO plugin. -->","_links":{"self":[{"href":"https:\/\/irb.usi.ch\/it\/wp-json\/wp\/v2\/posts\/34917"}],"collection":[{"href":"https:\/\/irb.usi.ch\/it\/wp-json\/wp\/v2\/posts"}],"about":[{"href":"https:\/\/irb.usi.ch\/it\/wp-json\/wp\/v2\/types\/post"}],"author":[{"embeddable":true,"href":"https:\/\/irb.usi.ch\/it\/wp-json\/wp\/v2\/users\/136"}],"replies":[{"embeddable":true,"href":"https:\/\/irb.usi.ch\/it\/wp-json\/wp\/v2\/comments?post=34917"}],"version-history":[{"count":1,"href":"https:\/\/irb.usi.ch\/it\/wp-json\/wp\/v2\/posts\/34917\/revisions"}],"predecessor-version":[{"id":34918,"href":"https:\/\/irb.usi.ch\/it\/wp-json\/wp\/v2\/posts\/34917\/revisions\/34918"}],"wp:attachment":[{"href":"https:\/\/irb.usi.ch\/it\/wp-json\/wp\/v2\/media?parent=34917"}],"wp:term":[{"taxonomy":"category","embeddable":true,"href":"https:\/\/irb.usi.ch\/it\/wp-json\/wp\/v2\/categories?post=34917"},{"taxonomy":"post_tag","embeddable":true,"href":"https:\/\/irb.usi.ch\/it\/wp-json\/wp\/v2\/tags?post=34917"}],"curies":[{"name":"wp","href":"https:\/\/api.w.org\/{rel}","templated":true}]}}