{"id":27573,"date":"2022-05-11T10:18:13","date_gmt":"2022-05-11T08:18:13","guid":{"rendered":"https:\/\/irb.usi.ch\/irb-community\/prof-federica-sallusto-elected-member-of-the-u-s-national-academy-of-sciences\/"},"modified":"2022-05-16T11:24:30","modified_gmt":"2022-05-16T09:24:30","slug":"prof-federica-sallusto-elected-member-of-the-u-s-national-academy-of-sciences","status":"publish","type":"post","link":"https:\/\/irb.usi.ch\/it\/notizie\/prof-federica-sallusto-elected-member-of-the-u-s-national-academy-of-sciences\/","title":{"rendered":"Prof. Federica Sallusto nominata membro dell&#8217;Accademia Nazionale delle Scienze degli Stati Uniti"},"content":{"rendered":"<p><strong>Il 3 maggio 2022, Federica Sallusto \u00e8 stata eletta, membro della U. S. National Academy of Sciences (NAS), uno dei pi\u00f9 significativi e pi\u00f9 alti riconoscimenti dati ai ricercatori accademici.<\/strong><\/p>\n<p>La NAS ha annunciato il 3 maggio 2022 l&#8217;elezione dei suoi membri in riconoscimento dei loro eccellenti e duraturi risultati nella ricerca originale. La NAS \u00e8 una societ\u00e0 privata e senza scopo di lucro di prestigiosi accademici. Fondata da un atto del Congresso, firmato dal presidente Abraham Lincoln nel 1863, la NAS \u00e8 incaricata di fornire una consulenza indipendente e obiettiva al governo statunitense su questioni relative alla scienza e alla tecnologia. Gli scienziati vengono eletti dai loro colleghi come membri della NAS per i loro eccezionali contributi alla ricerca. I membri devono essere cittadini statunitensi; i cittadini non statunitensi sono eletti come affiliati stranieri, con un massimo di 21 eletti all&#8217;anno. I membri attuali della NAS ammontano a circa 2.400 americani e 500 membri internazionali, di cui circa 190 hanno ricevuto premi Nobel.<\/p>\n<p>Federica Sallusto, direttrice di laboratorio all&#8217;IRB e docente all&#8217;USI e all&#8217;ETHZ, \u00e8 stata nominata membro internazionale della NAS in virt\u00f9 dei suoi contributi innovativi all&#8217;immunologia. Sallusto ha ottenuto il titolo di Dottore in Scienze Biologiche presso l&#8217;Universit\u00e0 di Roma e ha proseguito nella formazione post-dottorale all&#8217;Istituto Superiore di Sanit\u00e0 di Roma e al Basel Institute for Immunology di Basilea, dove \u00e8 stato membro dal 1997 al 2000, per poi trasferisi all&#8217;Istituto di Ricerca in Biomedicina (IRB) di Bellinzona per dirigere il Laboratorio di Immunologia Cellulare e dove ha anche fondato il Centro di Immunologia Medica. Dal 2017 \u00e8 professoressa ordinaria di Immunologia medica presso la Scuola Politecnica Federale di Zurigo e l&#8217;Universit\u00e0 della Svizzera italiana (USI). La cattedra della Prof. Sallusto \u00e8 stata istituita grazie alle generose donazioni della Fondazione Helmut Horten.<\/p>\n<p>Questa nomina conferma ancora una volta i risultati scientifici di Federica Sallusto, che sono gi\u00e0 stati ampiamente riconosciuti da numerosi premi e prestigiose nomine. \u00c8 stata eletta membro della German Academy of Science Leopoldina, dell&#8217;EMBO, del Consiglio Nazionale della Ricerca del Fondo Nazionale Svizzero (FNS) e del Consiglio di fondazione della Fondazione Marcel Benoist. Dal 2013 al 2015 \u00e8 stata Presidente della Societ\u00e0 Svizzera di Allergologia e Immunologia ed \u00e8 attualmente Presidente della Federazione Europea delle Societ\u00e0 di Immunologia (EFIS).<\/p>\n<p>&nbsp;<\/p>\n","protected":false},"excerpt":{"rendered":"<p>Il 3 maggio 2022, Federica Sallusto \u00e8 stata eletta, membro della U. S. National Academy of Sciences (NAS), uno dei pi\u00f9 significativi e pi\u00f9 alti riconoscimenti dati ai ricercatori accademici. La NAS ha annunciato il 3 maggio 2022 l&#8217;elezione dei suoi membri in riconoscimento dei loro eccellenti e duraturi risultati nella ricerca originale. La NAS [&hellip;]<\/p>\n","protected":false},"author":136,"featured_media":24971,"comment_status":"closed","ping_status":"closed","sticky":false,"template":"","format":"standard","meta":[],"categories":[53,52],"tags":[],"yoast_head":"<!-- This site is optimized with the Yoast SEO plugin v15.7 - https:\/\/yoast.com\/wordpress\/plugins\/seo\/ -->\n<title>Prof. Federica Sallusto nominata membro dell&#039;Accademia Nazionale delle Scienze degli Stati Uniti - IRB USI<\/title>\n<meta name=\"robots\" content=\"index, follow, max-snippet:-1, max-image-preview:large, max-video-preview:-1\" \/>\n<link rel=\"canonical\" href=\"https:\/\/irb.usi.ch\/it\/notizie\/prof-federica-sallusto-elected-member-of-the-u-s-national-academy-of-sciences\/\" \/>\n<meta property=\"og:locale\" content=\"it_IT\" \/>\n<meta property=\"og:type\" content=\"article\" \/>\n<meta property=\"og:title\" content=\"Prof. Federica Sallusto nominata membro dell&#039;Accademia Nazionale delle Scienze degli Stati Uniti - IRB USI\" \/>\n<meta property=\"og:description\" content=\"Il 3 maggio 2022, Federica Sallusto \u00e8 stata eletta, membro della U. S. National Academy of Sciences (NAS), uno dei pi\u00f9 significativi e pi\u00f9 alti riconoscimenti dati ai ricercatori accademici. La NAS ha annunciato il 3 maggio 2022 l&#8217;elezione dei suoi membri in riconoscimento dei loro eccellenti e duraturi risultati nella ricerca originale. La NAS [&hellip;]\" \/>\n<meta property=\"og:url\" content=\"https:\/\/irb.usi.ch\/it\/notizie\/prof-federica-sallusto-elected-member-of-the-u-s-national-academy-of-sciences\/\" \/>\n<meta property=\"og:site_name\" content=\"IRB USI\" \/>\n<meta property=\"article:published_time\" content=\"2022-05-11T08:18:13+00:00\" \/>\n<meta property=\"article:modified_time\" content=\"2022-05-16T09:24:30+00:00\" \/>\n<meta property=\"og:image\" content=\"https:\/\/irb.usi.ch\/images\/Antonino-Cassotta_Premio-Sias_June2021_crop-scaled-e1624892203856.jpg\" \/>\n\t<meta property=\"og:image:width\" content=\"2560\" \/>\n\t<meta property=\"og:image:height\" content=\"2350\" \/>\n<meta name=\"twitter:card\" content=\"summary_large_image\" \/>\n<meta name=\"twitter:label1\" content=\"Tempo di lettura stimato\">\n\t<meta name=\"twitter:data1\" content=\"2 minuti\">\n<script type=\"application\/ld+json\" class=\"yoast-schema-graph\">{\"@context\":\"https:\/\/schema.org\",\"@graph\":[{\"@type\":\"WebSite\",\"@id\":\"https:\/\/irb.usi.ch\/it\/#website\",\"url\":\"https:\/\/irb.usi.ch\/it\/\",\"name\":\"IRB USI\",\"description\":\"Institute for Research in Biomedicine\",\"potentialAction\":[{\"@type\":\"SearchAction\",\"target\":\"https:\/\/irb.usi.ch\/it\/?s={search_term_string}\",\"query-input\":\"required name=search_term_string\"}],\"inLanguage\":\"it-IT\"},{\"@type\":\"ImageObject\",\"@id\":\"https:\/\/irb.usi.ch\/it\/notizie\/prof-federica-sallusto-elected-member-of-the-u-s-national-academy-of-sciences\/#primaryimage\",\"inLanguage\":\"it-IT\",\"url\":\"https:\/\/irb.usi.ch\/images\/Antonino-Cassotta_Premio-Sias_June2021_crop-scaled-e1624892203856.jpg\",\"width\":2560,\"height\":2350},{\"@type\":\"WebPage\",\"@id\":\"https:\/\/irb.usi.ch\/it\/notizie\/prof-federica-sallusto-elected-member-of-the-u-s-national-academy-of-sciences\/#webpage\",\"url\":\"https:\/\/irb.usi.ch\/it\/notizie\/prof-federica-sallusto-elected-member-of-the-u-s-national-academy-of-sciences\/\",\"name\":\"Prof. Federica Sallusto nominata membro dell'Accademia Nazionale delle Scienze degli Stati Uniti - IRB USI\",\"isPartOf\":{\"@id\":\"https:\/\/irb.usi.ch\/it\/#website\"},\"primaryImageOfPage\":{\"@id\":\"https:\/\/irb.usi.ch\/it\/notizie\/prof-federica-sallusto-elected-member-of-the-u-s-national-academy-of-sciences\/#primaryimage\"},\"datePublished\":\"2022-05-11T08:18:13+00:00\",\"dateModified\":\"2022-05-16T09:24:30+00:00\",\"author\":{\"@id\":\"https:\/\/irb.usi.ch\/it\/#\/schema\/person\/01bacbaaa75ea23cfc275a8fb0e0ab94\"},\"breadcrumb\":{\"@id\":\"https:\/\/irb.usi.ch\/it\/notizie\/prof-federica-sallusto-elected-member-of-the-u-s-national-academy-of-sciences\/#breadcrumb\"},\"inLanguage\":\"it-IT\",\"potentialAction\":[{\"@type\":\"ReadAction\",\"target\":[\"https:\/\/irb.usi.ch\/it\/notizie\/prof-federica-sallusto-elected-member-of-the-u-s-national-academy-of-sciences\/\"]}]},{\"@type\":\"BreadcrumbList\",\"@id\":\"https:\/\/irb.usi.ch\/it\/notizie\/prof-federica-sallusto-elected-member-of-the-u-s-national-academy-of-sciences\/#breadcrumb\",\"itemListElement\":[{\"@type\":\"ListItem\",\"position\":1,\"item\":{\"@type\":\"WebPage\",\"@id\":\"https:\/\/irb.usi.ch\/it\/\",\"url\":\"https:\/\/irb.usi.ch\/it\/\",\"name\":\"Home\"}},{\"@type\":\"ListItem\",\"position\":2,\"item\":{\"@type\":\"WebPage\",\"@id\":\"https:\/\/irb.usi.ch\/.\/news\/\",\"url\":\"https:\/\/irb.usi.ch\/.\/news\/\",\"name\":\"News\"}},{\"@type\":\"ListItem\",\"position\":3,\"item\":{\"@type\":\"WebPage\",\"@id\":\"https:\/\/irb.usi.ch\/it\/notizie\/prof-federica-sallusto-elected-member-of-the-u-s-national-academy-of-sciences\/\",\"url\":\"https:\/\/irb.usi.ch\/it\/notizie\/prof-federica-sallusto-elected-member-of-the-u-s-national-academy-of-sciences\/\",\"name\":\"Prof. Federica Sallusto nominata membro dell&#8217;Accademia Nazionale delle Scienze degli Stati Uniti\"}}]},{\"@type\":\"Person\",\"@id\":\"https:\/\/irb.usi.ch\/it\/#\/schema\/person\/01bacbaaa75ea23cfc275a8fb0e0ab94\",\"name\":\"Andrea Nava\",\"sameAs\":[\"https:\/\/irb.usi.ch\"]}]}<\/script>\n<!-- \/ Yoast SEO plugin. -->","_links":{"self":[{"href":"https:\/\/irb.usi.ch\/it\/wp-json\/wp\/v2\/posts\/27573"}],"collection":[{"href":"https:\/\/irb.usi.ch\/it\/wp-json\/wp\/v2\/posts"}],"about":[{"href":"https:\/\/irb.usi.ch\/it\/wp-json\/wp\/v2\/types\/post"}],"author":[{"embeddable":true,"href":"https:\/\/irb.usi.ch\/it\/wp-json\/wp\/v2\/users\/136"}],"replies":[{"embeddable":true,"href":"https:\/\/irb.usi.ch\/it\/wp-json\/wp\/v2\/comments?post=27573"}],"version-history":[{"count":4,"href":"https:\/\/irb.usi.ch\/it\/wp-json\/wp\/v2\/posts\/27573\/revisions"}],"predecessor-version":[{"id":27585,"href":"https:\/\/irb.usi.ch\/it\/wp-json\/wp\/v2\/posts\/27573\/revisions\/27585"}],"wp:featuredmedia":[{"embeddable":true,"href":"https:\/\/irb.usi.ch\/it\/wp-json\/wp\/v2\/media\/24971"}],"wp:attachment":[{"href":"https:\/\/irb.usi.ch\/it\/wp-json\/wp\/v2\/media?parent=27573"}],"wp:term":[{"taxonomy":"category","embeddable":true,"href":"https:\/\/irb.usi.ch\/it\/wp-json\/wp\/v2\/categories?post=27573"},{"taxonomy":"post_tag","embeddable":true,"href":"https:\/\/irb.usi.ch\/it\/wp-json\/wp\/v2\/tags?post=27573"}],"curies":[{"name":"wp","href":"https:\/\/api.w.org\/{rel}","templated":true}]}}